{"id":6835,"date":"2024-06-06T00:00:00","date_gmt":"2024-06-05T21:00:00","guid":{"rendered":"https:\/\/akropolis.lt\/vilnius\/news\/dainu-svente-kviecia-atrasti-vilniaus-akropolyje\/"},"modified":"2025-12-05T16:49:05","modified_gmt":"2025-12-05T14:49:05","slug":"dainu-svente-kviecia-atrasti-vilniaus-akropolyje","status":"publish","type":"news","link":"https:\/\/akropolis.lt\/vilnius\/naujiena\/dainu-svente-kviecia-atrasti-vilniaus-akropolyje\/","title":{"rendered":"Dain\u0173 \u0161vent\u0119 kvie\u010dia atrasti Vilniaus \u201eAkropolyje\u201c"},"content":{"rendered":"\n    <section id=\"post-hero-banner-block-683041f038ae4\"\n             class=\"post-hero-banner  \">\n        <div class=\"cover-img\">\n                                            <picture>\n                    <source media=\"(min-width: 901px)\" class=\"no-lazy\"\n                            srcset=\"https:\/\/akropolis.lt\/vilnius\/wp-content\/uploads\/sites\/4\/2025\/05\/red-bg-1920x613.jpg\">\n                    <source media=\"(max-width: 901px)\" class=\"no-lazy\"\n                            srcset=\"https:\/\/akropolis.lt\/vilnius\/wp-content\/uploads\/sites\/4\/2025\/05\/red-bg-1920x613.jpg\">\n\n                    <img src=\"https:\/\/akropolis.lt\/vilnius\/wp-content\/uploads\/sites\/4\/2025\/05\/red-bg-1920x613.jpg\"\n                         alt=\"Dain\u0173 \u0161vent\u0119 kvie\u010dia atrasti Vilniaus \u201eAkropolyje\u201c\"\n                         class=\"no-lazy force-no-contrast\">\n                <\/picture>\n                    <\/div>\n        <div class=\"container\">\n            <div class=\"event-content\">\n                                <h1>Dain\u0173 \u0161vent\u0119 kvie\u010dia atrasti Vilniaus \u201eAkropolyje\u201c<\/h1>\n                                <div class=\" app-download-bts\">\n                                                        <\/div>\n                                <div class=\"btn-wrap\">\n                                                                                <\/div>\n            <\/div>\n        <\/div>\n    <\/section>\n\n<script>window.dispatchEvent( new Event('acf\/loaded\/post-hero-banner'));<\/script>    <section id=\"text-block-6932f0e19463d\" class=\"text\">\n        <div class=\"container medium\">\n            <div class=\"content-wrap\">\n                <p>\u0160iemet vyksiant \u0161imtme\u010dio Lietuvos dain\u0173 \u0161ventei, Vilniaus \u201eAkropolyje\u201c organizuojami nemokami renginiai, skirti jubiliejinei \u0161ventei pamin\u0117ti. Sostin\u0117s prekybos ir pramog\u0173 centre renginiai vyks iki liepos 7 d., programoje \u2013 nuo istorini\u0173 nuotrauk\u0173 parodos iki interaktyvi\u0173 pramog\u0173.<\/p>\n<p>\u201eTurb\u016bt n\u0117ra n\u0117 vieno Lietuvos gyventojo, kuris ne\u017einot\u0173, kas yra Dain\u0173 \u0161vent\u0117. \u0160iemet \u0161is renginys ir jo dalyviams, ir \u017ei\u016brovams, ir kiekvienam m\u016bs\u0173 yra dar svarbesnis, nes minime \u0161ios \u0161vent\u0117s \u0161imtmet\u012f. Ta proga Vilniaus \u201eAkropolio\u201c lankytojus kvie\u010diame \u012f Dain\u0173 \u0161ventei dedikuotus renginius, kuriuose bus galima tiek susipa\u017einti su \u0161vent\u0117s istorija, tiek pasitikrinti savo \u017einias bei laim\u0117ti \u012fvairi\u0173 priz\u0173\u201c, \u2013 sako Dominykas Mertinas, \u201eAkropolis Group\u201c rinkodaros ir komunikacijos vadovas.<\/p>\n<p>Besidomintys Dain\u0173 \u0161vent\u0117s istorija, nuo bir\u017eelio 1 d. iki liepos 7 d. laukiami nemokamoje nuotrauk\u0173 parodoje \u201eDain\u0173 \u0161ventei 100. Veidai\u201c, kuri veikia Vilniaus \u201eAkropolio\u201c antrajame auk\u0161te, prie knygyno \u201ePegasas\u201c. Parodoje eksponuojamos fotograf\u0173 Ram\u016bno Virku\u010dio, Martyno Vidzbelio, Art\u016bro Moisiejenko, Juozo Siruso, Martyno Siruso, Monos Avik, Lietuvos centrinio valstyb\u0117s archyvo ir Lietuvos nacionalinio kult\u016bros centro archyvo nuotraukos, kuriose u\u017efiksuotos Dain\u0173 \u0161ven\u010di\u0173 akimirkos ir j\u0173 dalyviai nuo pat 1924-\u0173j\u0173 met\u0173.<\/p>\n<p>Parodoje galima \u017evilgtel\u0117ti ne tik \u012f praeit\u012f, bet ir \u012f ateit\u012f \u2013 joje pristatomi dirbtinio intelekto sugeneruoti vaizdai, kaip Dain\u0173 \u0161vent\u0117 gal\u0117t\u0173 atrodyti dar po \u0161imto met\u0173, 2124-aisiais. \u0160io projekto autorius \u2013 fotografas Paulius Gvildys.<\/p>\n<p>Nuo bir\u017eelio 7 d. iki liepos 7 d. prie prekybos ir pramog\u0173 centro 1-ojo \u201eMaxima\u201c \u012f\u0117jimo taip pat veiks interaktyvus stendas. Prie jo laukiami tie, kam \u012fdomu pamatyti skirting\u0173 \u0161oki\u0173 elementus, pasiklausyti Dain\u0173 \u0161vent\u0117se skamb\u0117jusi\u0173 dain\u0173 ar pasigilinti \u012f unikalios \u0161vent\u0117s istorij\u0105 bei j\u0105 organizavusi\u0173 asmen\u0173 biografijas. &#8211;<\/p>\n<p>Tris bir\u017eelio \u0161e\u0161tadienius \u2013 bir\u017eelio 8 d., bir\u017eelio 15 d. ir bir\u017eelio 29 d. \u2013 \u0161alia interaktyviojo stendo vyks viktorinos, kuri\u0173 metu bus galima ne tik pasitikrinti savo \u017einias, bet ir u\u017e teisingus atsakymus laim\u0117ti \u012fvairi\u0173 priz\u0173.<\/p>\n            <\/div>\n            <div class=\"social-share-wrap\">\n    <p>Pasidalinti:<\/p>\n    <div class=\"links-wrap\">\n        <a id=\"fb\" target=\"_blank\"\n           rel=\"noreferrer\"\n           href=\"https:\/\/www.facebook.com\/sharer.php?u=https:\/\/akropolis.lt\/vilnius\/naujiena\/dainu-svente-kviecia-atrasti-vilniaus-akropolyje\/\"\n           class=\"social link\"><span>Facebook<\/span>\n        <\/a>\n        <a id=\"linkedin\" target=\"_blank\"\n           rel=\"noreferrer\"\n           href=\"https:\/\/www.linkedin.com\/shareArticle?url=https:\/\/akropolis.lt\/vilnius\/naujiena\/dainu-svente-kviecia-atrasti-vilniaus-akropolyje\/\"\n           class=\"social link\"><span>LinkedIn<\/span>\n        <\/a>\n        <div class=\"tooltip copy-link-btn\">\n            <button class=\"link copy-link helper-btn\" data-link=\"https:\/\/akropolis.lt\/vilnius\/naujiena\/dainu-svente-kviecia-atrasti-vilniaus-akropolyje\/\">\n                <span>Kopijuoti nuorod\u0105<\/span>\n                <p class=\"tooltip-text\"\n                   data-copied=\"Nukopijuota!\" id=\"myTooltip\"><\/p>\n            <\/button>\n        <\/div>\n    <\/div>\n<\/div>        <\/div>\n    <\/section>\n\n<script>window.dispatchEvent( new Event('acf\/loaded\/text'));<\/script>","protected":false},"featured_media":4075,"template":"","meta":{"_acf_changed":false},"news_category":[],"class_list":["post-6835","news","type-news","status-publish","has-post-thumbnail","hentry"],"acf":[],"yoast_head":"<!-- This site is optimized with the Yoast SEO plugin v27.2 - https:\/\/yoast.com\/product\/yoast-seo-wordpress\/ -->\n<title>Dain\u0173 \u0161vent\u0119 kvie\u010dia atrasti Vilniaus \u201eAkropolyje\u201c - Akropolis Vilnius<\/title>\n<meta name=\"robots\" content=\"index, follow, max-snippet:-1, max-image-preview:large, max-video-preview:-1\" \/>\n<link rel=\"canonical\" href=\"https:\/\/akropolis.lt\/vilnius\/naujiena\/dainu-svente-kviecia-atrasti-vilniaus-akropolyje\/\" \/>\n<meta property=\"og:locale\" content=\"lt_LT\" \/>\n<meta property=\"og:type\" content=\"article\" \/>\n<meta property=\"og:title\" content=\"Dain\u0173 \u0161vent\u0119 kvie\u010dia atrasti Vilniaus \u201eAkropolyje\u201c - Akropolis Vilnius\" \/>\n<meta property=\"og:url\" content=\"https:\/\/akropolis.lt\/vilnius\/naujiena\/dainu-svente-kviecia-atrasti-vilniaus-akropolyje\/\" \/>\n<meta property=\"og:site_name\" content=\"Akropolis Vilnius\" \/>\n<meta property=\"article:modified_time\" content=\"2025-12-05T14:49:05+00:00\" \/>\n<meta property=\"og:image\" content=\"https:\/\/akropolis.lt\/vilnius\/wp-content\/uploads\/sites\/4\/2025\/04\/17176813734183_430_430_1.jpg\" \/>\n\t<meta property=\"og:image:width\" content=\"430\" \/>\n\t<meta property=\"og:image:height\" content=\"430\" \/>\n\t<meta property=\"og:image:type\" content=\"image\/jpeg\" \/>\n<meta name=\"twitter:card\" content=\"summary_large_image\" \/>\n<script type=\"application\/ld+json\" class=\"yoast-schema-graph\">{\"@context\":\"https:\/\/schema.org\",\"@graph\":[{\"@type\":\"WebPage\",\"@id\":\"https:\/\/akropolis.lt\/vilnius\/naujiena\/dainu-svente-kviecia-atrasti-vilniaus-akropolyje\/\",\"url\":\"https:\/\/akropolis.lt\/vilnius\/naujiena\/dainu-svente-kviecia-atrasti-vilniaus-akropolyje\/\",\"name\":\"Dain\u0173 \u0161vent\u0119 kvie\u010dia atrasti Vilniaus \u201eAkropolyje\u201c - Akropolis Vilnius\",\"isPartOf\":{\"@id\":\"https:\/\/akropolis.lt\/vilnius\/#website\"},\"primaryImageOfPage\":{\"@id\":\"https:\/\/akropolis.lt\/vilnius\/naujiena\/dainu-svente-kviecia-atrasti-vilniaus-akropolyje\/#primaryimage\"},\"image\":{\"@id\":\"https:\/\/akropolis.lt\/vilnius\/naujiena\/dainu-svente-kviecia-atrasti-vilniaus-akropolyje\/#primaryimage\"},\"thumbnailUrl\":\"https:\/\/akropolis.lt\/vilnius\/wp-content\/uploads\/sites\/4\/2025\/04\/17176813734183_430_430_1.jpg\",\"datePublished\":\"2024-06-05T21:00:00+00:00\",\"dateModified\":\"2025-12-05T14:49:05+00:00\",\"breadcrumb\":{\"@id\":\"https:\/\/akropolis.lt\/vilnius\/naujiena\/dainu-svente-kviecia-atrasti-vilniaus-akropolyje\/#breadcrumb\"},\"inLanguage\":\"lt-LT\",\"potentialAction\":[{\"@type\":\"ReadAction\",\"target\":[\"https:\/\/akropolis.lt\/vilnius\/naujiena\/dainu-svente-kviecia-atrasti-vilniaus-akropolyje\/\"]}]},{\"@type\":\"ImageObject\",\"inLanguage\":\"lt-LT\",\"@id\":\"https:\/\/akropolis.lt\/vilnius\/naujiena\/dainu-svente-kviecia-atrasti-vilniaus-akropolyje\/#primaryimage\",\"url\":\"https:\/\/akropolis.lt\/vilnius\/wp-content\/uploads\/sites\/4\/2025\/04\/17176813734183_430_430_1.jpg\",\"contentUrl\":\"https:\/\/akropolis.lt\/vilnius\/wp-content\/uploads\/sites\/4\/2025\/04\/17176813734183_430_430_1.jpg\",\"width\":430,\"height\":430},{\"@type\":\"BreadcrumbList\",\"@id\":\"https:\/\/akropolis.lt\/vilnius\/naujiena\/dainu-svente-kviecia-atrasti-vilniaus-akropolyje\/#breadcrumb\",\"itemListElement\":[{\"@type\":\"ListItem\",\"position\":1,\"name\":\"Homepage\",\"item\":\"https:\/\/akropolis.lt\/vilnius\/\"},{\"@type\":\"ListItem\",\"position\":2,\"name\":\"Dain\u0173 \u0161vent\u0119 kvie\u010dia atrasti Vilniaus \u201eAkropolyje\u201c\"}]},{\"@type\":\"WebSite\",\"@id\":\"https:\/\/akropolis.lt\/vilnius\/#website\",\"url\":\"https:\/\/akropolis.lt\/vilnius\/\",\"name\":\"Akropolis Vilnius\",\"description\":\"\",\"potentialAction\":[{\"@type\":\"SearchAction\",\"target\":{\"@type\":\"EntryPoint\",\"urlTemplate\":\"https:\/\/akropolis.lt\/vilnius\/?s={search_term_string}\"},\"query-input\":{\"@type\":\"PropertyValueSpecification\",\"valueRequired\":true,\"valueName\":\"search_term_string\"}}],\"inLanguage\":\"lt-LT\"}]}<\/script>\n<!-- \/ Yoast SEO plugin. -->","yoast_head_json":{"title":"Dain\u0173 \u0161vent\u0119 kvie\u010dia atrasti Vilniaus \u201eAkropolyje\u201c - Akropolis Vilnius","robots":{"index":"index","follow":"follow","max-snippet":"max-snippet:-1","max-image-preview":"max-image-preview:large","max-video-preview":"max-video-preview:-1"},"canonical":"https:\/\/akropolis.lt\/vilnius\/naujiena\/dainu-svente-kviecia-atrasti-vilniaus-akropolyje\/","og_locale":"lt_LT","og_type":"article","og_title":"Dain\u0173 \u0161vent\u0119 kvie\u010dia atrasti Vilniaus \u201eAkropolyje\u201c - Akropolis Vilnius","og_url":"https:\/\/akropolis.lt\/vilnius\/naujiena\/dainu-svente-kviecia-atrasti-vilniaus-akropolyje\/","og_site_name":"Akropolis Vilnius","article_modified_time":"2025-12-05T14:49:05+00:00","og_image":[{"width":430,"height":430,"url":"https:\/\/akropolis.lt\/vilnius\/wp-content\/uploads\/sites\/4\/2025\/04\/17176813734183_430_430_1.jpg","type":"image\/jpeg"}],"twitter_card":"summary_large_image","schema":{"@context":"https:\/\/schema.org","@graph":[{"@type":"WebPage","@id":"https:\/\/akropolis.lt\/vilnius\/naujiena\/dainu-svente-kviecia-atrasti-vilniaus-akropolyje\/","url":"https:\/\/akropolis.lt\/vilnius\/naujiena\/dainu-svente-kviecia-atrasti-vilniaus-akropolyje\/","name":"Dain\u0173 \u0161vent\u0119 kvie\u010dia atrasti Vilniaus \u201eAkropolyje\u201c - Akropolis Vilnius","isPartOf":{"@id":"https:\/\/akropolis.lt\/vilnius\/#website"},"primaryImageOfPage":{"@id":"https:\/\/akropolis.lt\/vilnius\/naujiena\/dainu-svente-kviecia-atrasti-vilniaus-akropolyje\/#primaryimage"},"image":{"@id":"https:\/\/akropolis.lt\/vilnius\/naujiena\/dainu-svente-kviecia-atrasti-vilniaus-akropolyje\/#primaryimage"},"thumbnailUrl":"https:\/\/akropolis.lt\/vilnius\/wp-content\/uploads\/sites\/4\/2025\/04\/17176813734183_430_430_1.jpg","datePublished":"2024-06-05T21:00:00+00:00","dateModified":"2025-12-05T14:49:05+00:00","breadcrumb":{"@id":"https:\/\/akropolis.lt\/vilnius\/naujiena\/dainu-svente-kviecia-atrasti-vilniaus-akropolyje\/#breadcrumb"},"inLanguage":"lt-LT","potentialAction":[{"@type":"ReadAction","target":["https:\/\/akropolis.lt\/vilnius\/naujiena\/dainu-svente-kviecia-atrasti-vilniaus-akropolyje\/"]}]},{"@type":"ImageObject","inLanguage":"lt-LT","@id":"https:\/\/akropolis.lt\/vilnius\/naujiena\/dainu-svente-kviecia-atrasti-vilniaus-akropolyje\/#primaryimage","url":"https:\/\/akropolis.lt\/vilnius\/wp-content\/uploads\/sites\/4\/2025\/04\/17176813734183_430_430_1.jpg","contentUrl":"https:\/\/akropolis.lt\/vilnius\/wp-content\/uploads\/sites\/4\/2025\/04\/17176813734183_430_430_1.jpg","width":430,"height":430},{"@type":"BreadcrumbList","@id":"https:\/\/akropolis.lt\/vilnius\/naujiena\/dainu-svente-kviecia-atrasti-vilniaus-akropolyje\/#breadcrumb","itemListElement":[{"@type":"ListItem","position":1,"name":"Homepage","item":"https:\/\/akropolis.lt\/vilnius\/"},{"@type":"ListItem","position":2,"name":"Dain\u0173 \u0161vent\u0119 kvie\u010dia atrasti Vilniaus \u201eAkropolyje\u201c"}]},{"@type":"WebSite","@id":"https:\/\/akropolis.lt\/vilnius\/#website","url":"https:\/\/akropolis.lt\/vilnius\/","name":"Akropolis Vilnius","description":"","potentialAction":[{"@type":"SearchAction","target":{"@type":"EntryPoint","urlTemplate":"https:\/\/akropolis.lt\/vilnius\/?s={search_term_string}"},"query-input":{"@type":"PropertyValueSpecification","valueRequired":true,"valueName":"search_term_string"}}],"inLanguage":"lt-LT"}]}},"_links":{"self":[{"href":"https:\/\/akropolis.lt\/vilnius\/wp-json\/wp\/v2\/news\/6835","targetHints":{"allow":["GET"]}}],"collection":[{"href":"https:\/\/akropolis.lt\/vilnius\/wp-json\/wp\/v2\/news"}],"about":[{"href":"https:\/\/akropolis.lt\/vilnius\/wp-json\/wp\/v2\/types\/news"}],"wp:featuredmedia":[{"embeddable":true,"href":"https:\/\/akropolis.lt\/vilnius\/wp-json\/wp\/v2\/media\/4075"}],"wp:attachment":[{"href":"https:\/\/akropolis.lt\/vilnius\/wp-json\/wp\/v2\/media?parent=6835"}],"wp:term":[{"taxonomy":"news_category","embeddable":true,"href":"https:\/\/akropolis.lt\/vilnius\/wp-json\/wp\/v2\/news_category?post=6835"}],"curies":[{"name":"wp","href":"https:\/\/api.w.org\/{rel}","templated":true}]}}